{"id":26934,"date":"2026-09-01T09:49:41","date_gmt":"2026-09-01T09:49:41","guid":{"rendered":"https:\/\/derbeamte.de\/?p=26934"},"modified":"2026-09-01T09:49:41","modified_gmt":"2026-09-01T09:49:41","slug":"bewerbungsschluss-fuer-den-netzwerkpreis-rueckt-naeher-2","status":"publish","type":"post","link":"https:\/\/derbeamte.de\/?p=26934","title":{"rendered":"Bewerbungsschluss f\u00fcr den Netzwerkpreis r\u00fcckt n\u00e4her"},"content":{"rendered":"<p>Noch bis zum 15. September 2026 k\u00f6nnen sich Organisationen, Einrichtungen und Beh\u00f6rden aus dem Netzwerk #sicherimDienst f\u00fcr den ersten Netzwerkpreis #sicherimDienst bewerben.<\/p>\n<p>\u200bDBB NRW &#8211; Beamtenbund und Tarifunion Nordrhein-Westfalen\u00a0<\/p>\n<p><a href=\"https:\/\/www.dbb-nrw.de\/presse-kommunikation\/news\/news\/bewerbungsschluss-fuer-den-netzwerkpreis-rueckt-naeher\/\" target=\"_blank\" class=\"feedzy-rss-link-icon\">Read More<\/a>\u00a0<\/p>","protected":false},"excerpt":{"rendered":"<p>Noch bis zum 15. September 2026 k\u00f6nnen sich Organisationen, Einrichtungen und Beh\u00f6rden aus dem Netzwerk #sicherimDienst f\u00fcr den ersten Netzwerkpreis<\/p>\n","protected":false},"author":0,"featured_media":26933,"comment_status":"closed","ping_status":"open","sticky":false,"template":"","format":"standard","meta":{"footnotes":""},"categories":[3],"tags":[],"class_list":["post-26934","post","type-post","status-publish","format-standard","has-post-thumbnail","hentry","category-dbb"],"_links":{"self":[{"href":"https:\/\/derbeamte.de\/index.php?rest_route=\/wp\/v2\/posts\/26934","targetHints":{"allow":["GET"]}}],"collection":[{"href":"https:\/\/derbeamte.de\/index.php?rest_route=\/wp\/v2\/posts"}],"about":[{"href":"https:\/\/derbeamte.de\/index.php?rest_route=\/wp\/v2\/types\/post"}],"replies":[{"embeddable":true,"href":"https:\/\/derbeamte.de\/index.php?rest_route=%2Fwp%2Fv2%2Fcomments&post=26934"}],"version-history":[{"count":0,"href":"https:\/\/derbeamte.de\/index.php?rest_route=\/wp\/v2\/posts\/26934\/revisions"}],"wp:featuredmedia":[{"embeddable":true,"href":"https:\/\/derbeamte.de\/index.php?rest_route=\/wp\/v2\/media\/26933"}],"wp:attachment":[{"href":"https:\/\/derbeamte.de\/index.php?rest_route=%2Fwp%2Fv2%2Fmedia&parent=26934"}],"wp:term":[{"taxonomy":"category","embeddable":true,"href":"https:\/\/derbeamte.de\/index.php?rest_route=%2Fwp%2Fv2%2Fcategories&post=26934"},{"taxonomy":"post_tag","embeddable":true,"href":"https:\/\/derbeamte.de\/index.php?rest_route=%2Fwp%2Fv2%2Ftags&post=26934"}],"curies":[{"name":"wp","href":"https:\/\/api.w.org\/{rel}","templated":true}]}}